{"id":1620,"date":"2023-02-13T09:50:48","date_gmt":"2023-02-13T17:50:48","guid":{"rendered":"https:\/\/corvallisddc.org\/?p=1620"},"modified":"2023-02-24T08:13:26","modified_gmt":"2023-02-24T16:13:26","slug":"cddc-honored-at-town-hall","status":"publish","type":"post","link":"https:\/\/corvallisddc.org\/cs\/2023\/02\/13\/cddc-honored-at-town-hall\/","title":{"rendered":"CDDC ocen\u011bno na radnici"},"content":{"rendered":"<p class=\"has-normal-font-size\">11. \u00fanora 2023 \u2013 Sen\u00e1tor Jeff Merkley zah\u00e1jil tento v\u00edkend svou radnici v Corvallis t\u00edm, \u017ee ocenil Corvallis Daytime Drop-in Center jako m\u00edstn\u00ed organizaci, kter\u00e1 d\u011bl\u00e1 pr\u00e1ci, kter\u00e1 je v souladu s hodnotami pomoci na\u0161im komunit\u00e1m prosperovat.<\/p>\n\n\n<div class=\"wp-block-image\">\n<figure class=\"aligncenter size-large\"><img data-recalc-dims=\"1\" fetchpriority=\"high\" decoding=\"async\" width=\"750\" height=\"1000\" data-attachment-id=\"1625\" data-permalink=\"https:\/\/corvallisddc.org\/cs\/2023\/02\/13\/cddc-honored-at-town-hall\/image4\/\" data-orig-file=\"https:\/\/i0.wp.com\/corvallisddc.org\/wp-content\/uploads\/2023\/02\/image4-rotated.jpeg?fit=3024%2C4032&amp;ssl=1\" data-orig-size=\"3024,4032\" data-comments-opened=\"1\" data-image-meta=\"{&quot;aperture&quot;:&quot;1.5&quot;,&quot;credit&quot;:&quot;&quot;,&quot;camera&quot;:&quot;iPhone 13 Pro&quot;,&quot;caption&quot;:&quot;&quot;,&quot;created_timestamp&quot;:&quot;1676115549&quot;,&quot;copyright&quot;:&quot;&quot;,&quot;focal_length&quot;:&quot;5.7&quot;,&quot;iso&quot;:&quot;125&quot;,&quot;shutter_speed&quot;:&quot;0.016666666666667&quot;,&quot;title&quot;:&quot;&quot;,&quot;orientation&quot;:&quot;1&quot;}\" data-image-title=\"image4\" data-image-description=\"\" data-image-caption=\"\" data-large-file=\"https:\/\/i0.wp.com\/corvallisddc.org\/wp-content\/uploads\/2023\/02\/image4-rotated.jpeg?fit=750%2C1000&amp;ssl=1\" src=\"https:\/\/i0.wp.com\/corvallisddc.org\/wp-content\/uploads\/2023\/02\/image4.jpeg?resize=750%2C1000&#038;ssl=1\" alt=\"\" class=\"wp-image-1625\" srcset=\"https:\/\/i0.wp.com\/corvallisddc.org\/wp-content\/uploads\/2023\/02\/image4-rotated.jpeg?resize=768%2C1024&amp;ssl=1 768w, https:\/\/i0.wp.com\/corvallisddc.org\/wp-content\/uploads\/2023\/02\/image4-rotated.jpeg?resize=225%2C300&amp;ssl=1 225w, https:\/\/i0.wp.com\/corvallisddc.org\/wp-content\/uploads\/2023\/02\/image4-rotated.jpeg?resize=113%2C150&amp;ssl=1 113w, https:\/\/i0.wp.com\/corvallisddc.org\/wp-content\/uploads\/2023\/02\/image4-rotated.jpeg?resize=1152%2C1536&amp;ssl=1 1152w, https:\/\/i0.wp.com\/corvallisddc.org\/wp-content\/uploads\/2023\/02\/image4-rotated.jpeg?resize=1536%2C2048&amp;ssl=1 1536w, https:\/\/i0.wp.com\/corvallisddc.org\/wp-content\/uploads\/2023\/02\/image4-rotated.jpeg?resize=9%2C12&amp;ssl=1 9w, https:\/\/i0.wp.com\/corvallisddc.org\/wp-content\/uploads\/2023\/02\/image4-rotated.jpeg?resize=900%2C1200&amp;ssl=1 900w, https:\/\/i0.wp.com\/corvallisddc.org\/wp-content\/uploads\/2023\/02\/image4-rotated.jpeg?resize=600%2C800&amp;ssl=1 600w, https:\/\/i0.wp.com\/corvallisddc.org\/wp-content\/uploads\/2023\/02\/image4-rotated.jpeg?resize=300%2C400&amp;ssl=1 300w, https:\/\/i0.wp.com\/corvallisddc.org\/wp-content\/uploads\/2023\/02\/image4-rotated.jpeg?resize=150%2C200&amp;ssl=1 150w, https:\/\/i0.wp.com\/corvallisddc.org\/wp-content\/uploads\/2023\/02\/image4-rotated.jpeg?resize=1200%2C1600&amp;ssl=1 1200w, https:\/\/i0.wp.com\/corvallisddc.org\/wp-content\/uploads\/2023\/02\/image4-rotated.jpeg?resize=1568%2C2091&amp;ssl=1 1568w, https:\/\/i0.wp.com\/corvallisddc.org\/wp-content\/uploads\/2023\/02\/image4-rotated.jpeg?w=2250&amp;ssl=1 2250w\" sizes=\"(max-width: 750px) 100vw, 750px\" \/><figcaption class=\"wp-element-caption\">Popis obr\u00e1zku: Sen\u00e1tor Jeff Merkley si pod\u00e1v\u00e1 ruku s Aleitou Hass-Holcombeovou a Allison Hobgoodov\u00e1 stoj\u00ed mezi nimi a dr\u017e\u00ed slo\u017eenou n\u00e1rodn\u00ed vlajku. Maj\u00ed na sob\u011b d\u017e\u00edny a svetry. Vpravo na obr\u00e1zc\u00edch je \u010derven\u00e9 p\u00f3dium, vlevo je st\u00e1tn\u00ed vlajka. Za nimi je ze\u010f vymalov\u00e1na \u017elut\u011b se \u017elutou a \u010dervenou n\u00e1st\u011bnnou malbou.<\/figcaption><\/figure>\n<\/div>\n\n\n<p class=\"has-normal-font-size\">Nad budovou Capitolu ve Washingtonu DC letos na po\u010dest CDDC zavl\u00e1la n\u00e1rodn\u00ed vlajka.<\/p>\n\n\n\n<p class=\"has-normal-font-size\">Na radnici, kter\u00e1 se konala na st\u0159edn\u00ed \u0161kole Crescent Valley v Corvallis, sen\u00e1tor Merkley informoval voli\u010de o sv\u00e9 pr\u00e1ci ve Washingtonu, DC, odpov\u00eddal na ot\u00e1zky a pozval \u00fa\u010dastn\u00edky na n\u00e1vrhy, jak se vypo\u0159\u00e1dat s v\u00fdzvami, kter\u00fdm \u010del\u00ed Oregon a Amerika.<\/p>\n\n\n\n<figure class=\"wp-block-image size-large\"><img data-recalc-dims=\"1\" decoding=\"async\" width=\"750\" height=\"563\" data-attachment-id=\"1627\" data-permalink=\"https:\/\/corvallisddc.org\/cs\/2023\/02\/13\/cddc-honored-at-town-hall\/image0\/\" data-orig-file=\"https:\/\/i0.wp.com\/corvallisddc.org\/wp-content\/uploads\/2023\/02\/image0.jpeg?fit=4032%2C3024&amp;ssl=1\" data-orig-size=\"4032,3024\" data-comments-opened=\"1\" data-image-meta=\"{&quot;aperture&quot;:&quot;0&quot;,&quot;credit&quot;:&quot;&quot;,&quot;camera&quot;:&quot;&quot;,&quot;caption&quot;:&quot;&quot;,&quot;created_timestamp&quot;:&quot;0&quot;,&quot;copyright&quot;:&quot;&quot;,&quot;focal_length&quot;:&quot;0&quot;,&quot;iso&quot;:&quot;0&quot;,&quot;shutter_speed&quot;:&quot;0&quot;,&quot;title&quot;:&quot;&quot;,&quot;orientation&quot;:&quot;1&quot;}\" data-image-title=\"image0\" data-image-description=\"\" data-image-caption=\"\" data-large-file=\"https:\/\/i0.wp.com\/corvallisddc.org\/wp-content\/uploads\/2023\/02\/image0.jpeg?fit=750%2C563&amp;ssl=1\" src=\"https:\/\/i0.wp.com\/corvallisddc.org\/wp-content\/uploads\/2023\/02\/image0.jpeg?resize=750%2C563&#038;ssl=1\" alt=\"\" class=\"wp-image-1627\" srcset=\"https:\/\/i0.wp.com\/corvallisddc.org\/wp-content\/uploads\/2023\/02\/image0.jpeg?resize=1024%2C768&amp;ssl=1 1024w, https:\/\/i0.wp.com\/corvallisddc.org\/wp-content\/uploads\/2023\/02\/image0.jpeg?resize=300%2C225&amp;ssl=1 300w, https:\/\/i0.wp.com\/corvallisddc.org\/wp-content\/uploads\/2023\/02\/image0.jpeg?resize=150%2C113&amp;ssl=1 150w, https:\/\/i0.wp.com\/corvallisddc.org\/wp-content\/uploads\/2023\/02\/image0.jpeg?resize=768%2C576&amp;ssl=1 768w, https:\/\/i0.wp.com\/corvallisddc.org\/wp-content\/uploads\/2023\/02\/image0.jpeg?resize=1536%2C1152&amp;ssl=1 1536w, https:\/\/i0.wp.com\/corvallisddc.org\/wp-content\/uploads\/2023\/02\/image0.jpeg?resize=2048%2C1536&amp;ssl=1 2048w, https:\/\/i0.wp.com\/corvallisddc.org\/wp-content\/uploads\/2023\/02\/image0.jpeg?resize=16%2C12&amp;ssl=1 16w, https:\/\/i0.wp.com\/corvallisddc.org\/wp-content\/uploads\/2023\/02\/image0.jpeg?resize=1200%2C900&amp;ssl=1 1200w, https:\/\/i0.wp.com\/corvallisddc.org\/wp-content\/uploads\/2023\/02\/image0.jpeg?resize=800%2C600&amp;ssl=1 800w, https:\/\/i0.wp.com\/corvallisddc.org\/wp-content\/uploads\/2023\/02\/image0.jpeg?resize=400%2C300&amp;ssl=1 400w, https:\/\/i0.wp.com\/corvallisddc.org\/wp-content\/uploads\/2023\/02\/image0.jpeg?resize=200%2C150&amp;ssl=1 200w, https:\/\/i0.wp.com\/corvallisddc.org\/wp-content\/uploads\/2023\/02\/image0.jpeg?resize=1568%2C1176&amp;ssl=1 1568w, https:\/\/i0.wp.com\/corvallisddc.org\/wp-content\/uploads\/2023\/02\/image0.jpeg?w=2250&amp;ssl=1 2250w\" sizes=\"(max-width: 750px) 100vw, 750px\" \/><figcaption class=\"wp-element-caption\">Popis obr\u00e1zku: Sen\u00e1tor Jeff Merkley, Aleita Hass-Holcombe, Allison Hobgood a Rep. Val Hoyle stoj\u00ed s \u00fasm\u011bvem. Allison Hobgoodov\u00e1 dr\u017e\u00ed v rukou slo\u017eenou n\u00e1rodn\u00ed vlajku. Za nimi je ze\u010f \u017elut\u00e1 s \u010derveno\u010dernou n\u00e1st\u011bnnou malbou.<\/figcaption><\/figure>\n\n\n\n<p class=\"has-normal-font-size\">Ocen\u011bn\u00ed byla p\u0159\u00edtomna v\u00fdkonn\u00e1 \u0159editelka CDDC Allison Hobgoodov\u00e1, b\u00fdval\u00e1 v\u00fdkonn\u00e1 \u0159editelka a sou\u010dasn\u00e1 p\u0159edsedkyn\u011b p\u0159edstavenstva Aleita Hass-Holcombeov\u00e1 a z\u00e1stupce 4. kongresov\u00e9ho distriktu Oreognu Val Hoyle.<\/p>\n\n\n\n<p>Pozn\u00e1mka: p\u0159edchoz\u00ed verze tohoto p\u0159\u00edsp\u011bvku uv\u00e1d\u011bla, \u017ee radnice byla v LBCC v Albany. Tato informace byla nespr\u00e1vn\u00e1 a byla aktualizov\u00e1na v tomto p\u0159\u00edsp\u011bvku.<\/p>","protected":false},"excerpt":{"rendered":"<p>Corvallis Daytime Drop-in Center se kon\u00e1 11. \u00fanora na radnici sen\u00e1tora Jeffa Merkleyho. <\/p>","protected":false},"author":210647820,"featured_media":1628,"comment_status":"open","ping_status":"open","sticky":false,"template":"","format":"standard","meta":{"advanced_seo_description":"","jetpack_seo_html_title":"","jetpack_seo_noindex":false,"_jetpack_newsletter_access":"","_jetpack_dont_email_post_to_subs":false,"_jetpack_newsletter_tier_id":0,"_jetpack_memberships_contains_paywalled_content":false,"_jetpack_memberships_contains_paid_content":false,"footnotes":"","jetpack_publicize_message":"","jetpack_publicize_feature_enabled":true,"jetpack_social_post_already_shared":true,"jetpack_social_options":{"image_generator_settings":{"template":"highway","default_image_id":0,"font":"","enabled":false},"version":2},"_wpas_customize_per_network":false,"jetpack_post_was_ever_published":false},"categories":[1466],"tags":[],"class_list":["post-1620","post","type-post","status-publish","format-standard","has-post-thumbnail","hentry","category-news","entry"],"jetpack_publicize_connections":[],"jetpack_featured_media_url":"https:\/\/i0.wp.com\/corvallisddc.org\/wp-content\/uploads\/2023\/02\/image2-1-rotated.jpeg?fit=3024%2C4032&ssl=1","jetpack_likes_enabled":true,"jetpack_sharing_enabled":true,"jetpack_shortlink":"https:\/\/wp.me\/pdkkQs-q8","amp_enabled":true,"_links":{"self":[{"href":"https:\/\/corvallisddc.org\/cs\/wp-json\/wp\/v2\/posts\/1620","targetHints":{"allow":["GET"]}}],"collection":[{"href":"https:\/\/corvallisddc.org\/cs\/wp-json\/wp\/v2\/posts"}],"about":[{"href":"https:\/\/corvallisddc.org\/cs\/wp-json\/wp\/v2\/types\/post"}],"author":[{"embeddable":true,"href":"https:\/\/corvallisddc.org\/cs\/wp-json\/wp\/v2\/users\/210647820"}],"replies":[{"embeddable":true,"href":"https:\/\/corvallisddc.org\/cs\/wp-json\/wp\/v2\/comments?post=1620"}],"version-history":[{"count":9,"href":"https:\/\/corvallisddc.org\/cs\/wp-json\/wp\/v2\/posts\/1620\/revisions"}],"predecessor-version":[{"id":1633,"href":"https:\/\/corvallisddc.org\/cs\/wp-json\/wp\/v2\/posts\/1620\/revisions\/1633"}],"wp:featuredmedia":[{"embeddable":true,"href":"https:\/\/corvallisddc.org\/cs\/wp-json\/wp\/v2\/media\/1628"}],"wp:attachment":[{"href":"https:\/\/corvallisddc.org\/cs\/wp-json\/wp\/v2\/media?parent=1620"}],"wp:term":[{"taxonomy":"category","embeddable":true,"href":"https:\/\/corvallisddc.org\/cs\/wp-json\/wp\/v2\/categories?post=1620"},{"taxonomy":"post_tag","embeddable":true,"href":"https:\/\/corvallisddc.org\/cs\/wp-json\/wp\/v2\/tags?post=1620"}],"curies":[{"name":"wp","href":"https:\/\/api.w.org\/{rel}","templated":true}]}}