{"id":1620,"date":"2023-02-13T09:50:48","date_gmt":"2023-02-13T17:50:48","guid":{"rendered":"https:\/\/corvallisddc.org\/?p=1620"},"modified":"2023-02-24T08:13:26","modified_gmt":"2023-02-24T16:13:26","slug":"cddc-honored-at-town-hall","status":"publish","type":"post","link":"https:\/\/corvallisddc.org\/de\/2023\/02\/13\/cddc-honored-at-town-hall\/","title":{"rendered":"CDDC im Rathaus geehrt"},"content":{"rendered":"<p class=\"has-normal-font-size\">11. Februar 2023 \u2013 Senator Jeff Merkley begann seine B\u00fcrgerversammlung in Corvallis an diesem Wochenende mit der Ehrung des Corvallis Daytime Drop-in Center als lokale Organisation, deren Arbeit im Einklang mit den Werten steht, unseren Gemeinden zum Gedeihen zu verhelfen.<\/p>\n\n\n<div class=\"wp-block-image\">\n<figure class=\"aligncenter size-large\"><img data-recalc-dims=\"1\" fetchpriority=\"high\" decoding=\"async\" width=\"750\" height=\"1000\" data-attachment-id=\"1625\" data-permalink=\"https:\/\/corvallisddc.org\/de\/2023\/02\/13\/cddc-honored-at-town-hall\/image4\/\" data-orig-file=\"https:\/\/i0.wp.com\/corvallisddc.org\/wp-content\/uploads\/2023\/02\/image4-rotated.jpeg?fit=3024%2C4032&amp;ssl=1\" data-orig-size=\"3024,4032\" data-comments-opened=\"1\" data-image-meta=\"{&quot;aperture&quot;:&quot;1.5&quot;,&quot;credit&quot;:&quot;&quot;,&quot;camera&quot;:&quot;iPhone 13 Pro&quot;,&quot;caption&quot;:&quot;&quot;,&quot;created_timestamp&quot;:&quot;1676115549&quot;,&quot;copyright&quot;:&quot;&quot;,&quot;focal_length&quot;:&quot;5.7&quot;,&quot;iso&quot;:&quot;125&quot;,&quot;shutter_speed&quot;:&quot;0.016666666666667&quot;,&quot;title&quot;:&quot;&quot;,&quot;orientation&quot;:&quot;1&quot;}\" data-image-title=\"image4\" data-image-description=\"\" data-image-caption=\"\" data-large-file=\"https:\/\/i0.wp.com\/corvallisddc.org\/wp-content\/uploads\/2023\/02\/image4-rotated.jpeg?fit=750%2C1000&amp;ssl=1\" src=\"https:\/\/i0.wp.com\/corvallisddc.org\/wp-content\/uploads\/2023\/02\/image4.jpeg?resize=750%2C1000&#038;ssl=1\" alt=\"\" class=\"wp-image-1625\" srcset=\"https:\/\/i0.wp.com\/corvallisddc.org\/wp-content\/uploads\/2023\/02\/image4-rotated.jpeg?resize=768%2C1024&amp;ssl=1 768w, https:\/\/i0.wp.com\/corvallisddc.org\/wp-content\/uploads\/2023\/02\/image4-rotated.jpeg?resize=225%2C300&amp;ssl=1 225w, https:\/\/i0.wp.com\/corvallisddc.org\/wp-content\/uploads\/2023\/02\/image4-rotated.jpeg?resize=113%2C150&amp;ssl=1 113w, https:\/\/i0.wp.com\/corvallisddc.org\/wp-content\/uploads\/2023\/02\/image4-rotated.jpeg?resize=1152%2C1536&amp;ssl=1 1152w, https:\/\/i0.wp.com\/corvallisddc.org\/wp-content\/uploads\/2023\/02\/image4-rotated.jpeg?resize=1536%2C2048&amp;ssl=1 1536w, https:\/\/i0.wp.com\/corvallisddc.org\/wp-content\/uploads\/2023\/02\/image4-rotated.jpeg?resize=9%2C12&amp;ssl=1 9w, https:\/\/i0.wp.com\/corvallisddc.org\/wp-content\/uploads\/2023\/02\/image4-rotated.jpeg?resize=900%2C1200&amp;ssl=1 900w, https:\/\/i0.wp.com\/corvallisddc.org\/wp-content\/uploads\/2023\/02\/image4-rotated.jpeg?resize=600%2C800&amp;ssl=1 600w, https:\/\/i0.wp.com\/corvallisddc.org\/wp-content\/uploads\/2023\/02\/image4-rotated.jpeg?resize=300%2C400&amp;ssl=1 300w, https:\/\/i0.wp.com\/corvallisddc.org\/wp-content\/uploads\/2023\/02\/image4-rotated.jpeg?resize=150%2C200&amp;ssl=1 150w, https:\/\/i0.wp.com\/corvallisddc.org\/wp-content\/uploads\/2023\/02\/image4-rotated.jpeg?resize=1200%2C1600&amp;ssl=1 1200w, https:\/\/i0.wp.com\/corvallisddc.org\/wp-content\/uploads\/2023\/02\/image4-rotated.jpeg?resize=1568%2C2091&amp;ssl=1 1568w, https:\/\/i0.wp.com\/corvallisddc.org\/wp-content\/uploads\/2023\/02\/image4-rotated.jpeg?w=2250&amp;ssl=1 2250w\" sizes=\"(max-width: 750px) 100vw, 750px\" \/><figcaption class=\"wp-element-caption\">Bildbeschreibung: Senator Jeff Merkley sch\u00fcttelt Aleita Hass-Holcombe die Hand, und Allison Hobgood steht zwischen ihnen und h\u00e4lt eine gefaltete Nationalflagge. Sie tragen Jeans und Pullover. Rechts auf den Bildern ist ein rotes Podium zu sehen, links die Nationalflagge. Dahinter ist die Wand gelb gestrichen und mit einem gelb-roten Wandgem\u00e4lde versehen.<\/figcaption><\/figure>\n<\/div>\n\n\n<p class=\"has-normal-font-size\">Zu Ehren des CDDC wehte dieses Jahr die Nationalflagge \u00fcber dem Kapitol in Washington, D.C.<\/p>\n\n\n\n<p class=\"has-normal-font-size\">Bei der B\u00fcrgerversammlung in der Crescent Valley High School in Corvallis informierte Senator Merkley die W\u00e4hler \u00fcber seine Arbeit in Washington, D.C., beantwortete Fragen und bat die Teilnehmer um Vorschl\u00e4ge zur Bew\u00e4ltigung der Herausforderungen, vor denen Oregon und ganz Amerika stehen.<\/p>\n\n\n\n<figure class=\"wp-block-image size-large\"><img data-recalc-dims=\"1\" decoding=\"async\" width=\"750\" height=\"563\" data-attachment-id=\"1627\" data-permalink=\"https:\/\/corvallisddc.org\/de\/2023\/02\/13\/cddc-honored-at-town-hall\/image0\/\" data-orig-file=\"https:\/\/i0.wp.com\/corvallisddc.org\/wp-content\/uploads\/2023\/02\/image0.jpeg?fit=4032%2C3024&amp;ssl=1\" data-orig-size=\"4032,3024\" data-comments-opened=\"1\" data-image-meta=\"{&quot;aperture&quot;:&quot;0&quot;,&quot;credit&quot;:&quot;&quot;,&quot;camera&quot;:&quot;&quot;,&quot;caption&quot;:&quot;&quot;,&quot;created_timestamp&quot;:&quot;0&quot;,&quot;copyright&quot;:&quot;&quot;,&quot;focal_length&quot;:&quot;0&quot;,&quot;iso&quot;:&quot;0&quot;,&quot;shutter_speed&quot;:&quot;0&quot;,&quot;title&quot;:&quot;&quot;,&quot;orientation&quot;:&quot;1&quot;}\" data-image-title=\"image0\" data-image-description=\"\" data-image-caption=\"\" data-large-file=\"https:\/\/i0.wp.com\/corvallisddc.org\/wp-content\/uploads\/2023\/02\/image0.jpeg?fit=750%2C563&amp;ssl=1\" src=\"https:\/\/i0.wp.com\/corvallisddc.org\/wp-content\/uploads\/2023\/02\/image0.jpeg?resize=750%2C563&#038;ssl=1\" alt=\"\" class=\"wp-image-1627\" srcset=\"https:\/\/i0.wp.com\/corvallisddc.org\/wp-content\/uploads\/2023\/02\/image0.jpeg?resize=1024%2C768&amp;ssl=1 1024w, https:\/\/i0.wp.com\/corvallisddc.org\/wp-content\/uploads\/2023\/02\/image0.jpeg?resize=300%2C225&amp;ssl=1 300w, https:\/\/i0.wp.com\/corvallisddc.org\/wp-content\/uploads\/2023\/02\/image0.jpeg?resize=150%2C113&amp;ssl=1 150w, https:\/\/i0.wp.com\/corvallisddc.org\/wp-content\/uploads\/2023\/02\/image0.jpeg?resize=768%2C576&amp;ssl=1 768w, https:\/\/i0.wp.com\/corvallisddc.org\/wp-content\/uploads\/2023\/02\/image0.jpeg?resize=1536%2C1152&amp;ssl=1 1536w, https:\/\/i0.wp.com\/corvallisddc.org\/wp-content\/uploads\/2023\/02\/image0.jpeg?resize=2048%2C1536&amp;ssl=1 2048w, https:\/\/i0.wp.com\/corvallisddc.org\/wp-content\/uploads\/2023\/02\/image0.jpeg?resize=16%2C12&amp;ssl=1 16w, https:\/\/i0.wp.com\/corvallisddc.org\/wp-content\/uploads\/2023\/02\/image0.jpeg?resize=1200%2C900&amp;ssl=1 1200w, https:\/\/i0.wp.com\/corvallisddc.org\/wp-content\/uploads\/2023\/02\/image0.jpeg?resize=800%2C600&amp;ssl=1 800w, https:\/\/i0.wp.com\/corvallisddc.org\/wp-content\/uploads\/2023\/02\/image0.jpeg?resize=400%2C300&amp;ssl=1 400w, https:\/\/i0.wp.com\/corvallisddc.org\/wp-content\/uploads\/2023\/02\/image0.jpeg?resize=200%2C150&amp;ssl=1 200w, https:\/\/i0.wp.com\/corvallisddc.org\/wp-content\/uploads\/2023\/02\/image0.jpeg?resize=1568%2C1176&amp;ssl=1 1568w, https:\/\/i0.wp.com\/corvallisddc.org\/wp-content\/uploads\/2023\/02\/image0.jpeg?w=2250&amp;ssl=1 2250w\" sizes=\"(max-width: 750px) 100vw, 750px\" \/><figcaption class=\"wp-element-caption\">Bildbeschreibung: Senator Jeff Merkley, Aleita Hass-Holcombe, Allison Hobgood und Abgeordnete Val Hoyle stehen l\u00e4chelnd da. Allison Hobgood h\u00e4lt eine gefaltete Nationalflagge in den H\u00e4nden. Hinter ihnen ist die Wand gelb mit einem rot-schwarzen Wandgem\u00e4lde.<\/figcaption><\/figure>\n\n\n\n<p class=\"has-normal-font-size\">Bei der Ehrung waren die Gesch\u00e4ftsf\u00fchrerin des CDDC, Allison Hobgood, die ehemalige Gesch\u00e4ftsf\u00fchrerin und derzeitige Vorstandsvorsitzende Aleita Hass-Holcombe sowie Val Hoyle, Abgeordnete des 4. Kongresswahlbezirks von Oregon, anwesend.<\/p>\n\n\n\n<p>Hinweis: In einer fr\u00fcheren Version dieses Beitrags hie\u00df es, das Rathaus befinde sich im LBCC in Albany. Diese Information war falsch und wurde in diesem Beitrag aktualisiert.<\/p>","protected":false},"excerpt":{"rendered":"<p>Das Corvallis Daytime Drop-in Center wird am 11. Februar im Rathaus von Senator Jeff Merkley gew\u00fcrdigt. <\/p>","protected":false},"author":210647820,"featured_media":1628,"comment_status":"open","ping_status":"open","sticky":false,"template":"","format":"standard","meta":{"advanced_seo_description":"","jetpack_seo_html_title":"","jetpack_seo_noindex":false,"_jetpack_newsletter_access":"","_jetpack_dont_email_post_to_subs":false,"_jetpack_newsletter_tier_id":0,"_jetpack_memberships_contains_paywalled_content":false,"_jetpack_memberships_contains_paid_content":false,"footnotes":"","jetpack_publicize_message":"","jetpack_publicize_feature_enabled":true,"jetpack_social_post_already_shared":true,"jetpack_social_options":{"image_generator_settings":{"template":"highway","default_image_id":0,"font":"","enabled":false},"version":2},"_wpas_customize_per_network":false,"jetpack_post_was_ever_published":false},"categories":[1466],"tags":[],"class_list":["post-1620","post","type-post","status-publish","format-standard","has-post-thumbnail","hentry","category-news","entry"],"jetpack_publicize_connections":[],"jetpack_featured_media_url":"https:\/\/i0.wp.com\/corvallisddc.org\/wp-content\/uploads\/2023\/02\/image2-1-rotated.jpeg?fit=3024%2C4032&ssl=1","jetpack_likes_enabled":true,"jetpack_sharing_enabled":true,"jetpack_shortlink":"https:\/\/wp.me\/pdkkQs-q8","amp_enabled":true,"_links":{"self":[{"href":"https:\/\/corvallisddc.org\/de\/wp-json\/wp\/v2\/posts\/1620","targetHints":{"allow":["GET"]}}],"collection":[{"href":"https:\/\/corvallisddc.org\/de\/wp-json\/wp\/v2\/posts"}],"about":[{"href":"https:\/\/corvallisddc.org\/de\/wp-json\/wp\/v2\/types\/post"}],"author":[{"embeddable":true,"href":"https:\/\/corvallisddc.org\/de\/wp-json\/wp\/v2\/users\/210647820"}],"replies":[{"embeddable":true,"href":"https:\/\/corvallisddc.org\/de\/wp-json\/wp\/v2\/comments?post=1620"}],"version-history":[{"count":9,"href":"https:\/\/corvallisddc.org\/de\/wp-json\/wp\/v2\/posts\/1620\/revisions"}],"predecessor-version":[{"id":1633,"href":"https:\/\/corvallisddc.org\/de\/wp-json\/wp\/v2\/posts\/1620\/revisions\/1633"}],"wp:featuredmedia":[{"embeddable":true,"href":"https:\/\/corvallisddc.org\/de\/wp-json\/wp\/v2\/media\/1628"}],"wp:attachment":[{"href":"https:\/\/corvallisddc.org\/de\/wp-json\/wp\/v2\/media?parent=1620"}],"wp:term":[{"taxonomy":"category","embeddable":true,"href":"https:\/\/corvallisddc.org\/de\/wp-json\/wp\/v2\/categories?post=1620"},{"taxonomy":"post_tag","embeddable":true,"href":"https:\/\/corvallisddc.org\/de\/wp-json\/wp\/v2\/tags?post=1620"}],"curies":[{"name":"wp","href":"https:\/\/api.w.org\/{rel}","templated":true}]}}