{"id":1620,"date":"2023-02-13T09:50:48","date_gmt":"2023-02-13T17:50:48","guid":{"rendered":"https:\/\/corvallisddc.org\/?p=1620"},"modified":"2023-02-24T08:13:26","modified_gmt":"2023-02-24T16:13:26","slug":"cddc-honored-at-town-hall","status":"publish","type":"post","link":"https:\/\/corvallisddc.org\/tr\/2023\/02\/13\/cddc-honored-at-town-hall\/","title":{"rendered":"CDDC Belediye Binas\u0131nda Onurland\u0131r\u0131ld\u0131"},"content":{"rendered":"<p class=\"has-normal-font-size\">11 \u015eubat 2023 \u2013 Senat\u00f6r Jeff Merkley, bu hafta sonu Corvallis&#039;teki Belediye Binas\u0131 etkinli\u011fini, topluluklar\u0131m\u0131z\u0131n geli\u015fmesine yard\u0131mc\u0131 olma de\u011ferleriyle uyumlu \u00e7al\u0131\u015fmalar yapan yerel bir kurulu\u015f olan Corvallis G\u00fcnd\u00fcz Bak\u0131m Merkezi&#039;ni onurland\u0131rarak ba\u015flatt\u0131.<\/p>\n\n\n<div class=\"wp-block-image\">\n<figure class=\"aligncenter size-large\"><img data-recalc-dims=\"1\" fetchpriority=\"high\" decoding=\"async\" width=\"750\" height=\"1000\" data-attachment-id=\"1625\" data-permalink=\"https:\/\/corvallisddc.org\/tr\/2023\/02\/13\/cddc-honored-at-town-hall\/image4\/\" data-orig-file=\"https:\/\/i0.wp.com\/corvallisddc.org\/wp-content\/uploads\/2023\/02\/image4-rotated.jpeg?fit=3024%2C4032&amp;ssl=1\" data-orig-size=\"3024,4032\" data-comments-opened=\"1\" data-image-meta=\"{&quot;aperture&quot;:&quot;1.5&quot;,&quot;credit&quot;:&quot;&quot;,&quot;camera&quot;:&quot;iPhone 13 Pro&quot;,&quot;caption&quot;:&quot;&quot;,&quot;created_timestamp&quot;:&quot;1676115549&quot;,&quot;copyright&quot;:&quot;&quot;,&quot;focal_length&quot;:&quot;5.7&quot;,&quot;iso&quot;:&quot;125&quot;,&quot;shutter_speed&quot;:&quot;0.016666666666667&quot;,&quot;title&quot;:&quot;&quot;,&quot;orientation&quot;:&quot;1&quot;}\" data-image-title=\"image4\" data-image-description=\"\" data-image-caption=\"\" data-large-file=\"https:\/\/i0.wp.com\/corvallisddc.org\/wp-content\/uploads\/2023\/02\/image4-rotated.jpeg?fit=750%2C1000&amp;ssl=1\" src=\"https:\/\/i0.wp.com\/corvallisddc.org\/wp-content\/uploads\/2023\/02\/image4.jpeg?resize=750%2C1000&#038;ssl=1\" alt=\"\" class=\"wp-image-1625\" srcset=\"https:\/\/i0.wp.com\/corvallisddc.org\/wp-content\/uploads\/2023\/02\/image4-rotated.jpeg?resize=768%2C1024&amp;ssl=1 768w, https:\/\/i0.wp.com\/corvallisddc.org\/wp-content\/uploads\/2023\/02\/image4-rotated.jpeg?resize=225%2C300&amp;ssl=1 225w, https:\/\/i0.wp.com\/corvallisddc.org\/wp-content\/uploads\/2023\/02\/image4-rotated.jpeg?resize=113%2C150&amp;ssl=1 113w, https:\/\/i0.wp.com\/corvallisddc.org\/wp-content\/uploads\/2023\/02\/image4-rotated.jpeg?resize=1152%2C1536&amp;ssl=1 1152w, https:\/\/i0.wp.com\/corvallisddc.org\/wp-content\/uploads\/2023\/02\/image4-rotated.jpeg?resize=1536%2C2048&amp;ssl=1 1536w, https:\/\/i0.wp.com\/corvallisddc.org\/wp-content\/uploads\/2023\/02\/image4-rotated.jpeg?resize=9%2C12&amp;ssl=1 9w, https:\/\/i0.wp.com\/corvallisddc.org\/wp-content\/uploads\/2023\/02\/image4-rotated.jpeg?resize=900%2C1200&amp;ssl=1 900w, https:\/\/i0.wp.com\/corvallisddc.org\/wp-content\/uploads\/2023\/02\/image4-rotated.jpeg?resize=600%2C800&amp;ssl=1 600w, https:\/\/i0.wp.com\/corvallisddc.org\/wp-content\/uploads\/2023\/02\/image4-rotated.jpeg?resize=300%2C400&amp;ssl=1 300w, https:\/\/i0.wp.com\/corvallisddc.org\/wp-content\/uploads\/2023\/02\/image4-rotated.jpeg?resize=150%2C200&amp;ssl=1 150w, https:\/\/i0.wp.com\/corvallisddc.org\/wp-content\/uploads\/2023\/02\/image4-rotated.jpeg?resize=1200%2C1600&amp;ssl=1 1200w, https:\/\/i0.wp.com\/corvallisddc.org\/wp-content\/uploads\/2023\/02\/image4-rotated.jpeg?resize=1568%2C2091&amp;ssl=1 1568w, https:\/\/i0.wp.com\/corvallisddc.org\/wp-content\/uploads\/2023\/02\/image4-rotated.jpeg?w=2250&amp;ssl=1 2250w\" sizes=\"(max-width: 750px) 100vw, 750px\" \/><figcaption class=\"wp-element-caption\">Resim a\u00e7\u0131klamas\u0131: Senat\u00f6r Jeff Merkley, Aleita Hass-Holcombe ile el s\u0131k\u0131\u015f\u0131yor ve Allison Hobgood, katlanm\u0131\u015f bir Ulusal Bayrak tutarak aralar\u0131nda duruyor. Kot pantolon ve kazak giyiyorlar. Resimlerin sa\u011f\u0131nda k\u0131rm\u0131z\u0131 bir podyum, solunda Ulusal Bayrak var. Arkalar\u0131ndaki duvar, sar\u0131 ve k\u0131rm\u0131z\u0131 bir duvar resmiyle sar\u0131ya boyanm\u0131\u015f.<\/figcaption><\/figure>\n<\/div>\n\n\n<p class=\"has-normal-font-size\">Bu y\u0131l CDDC onuruna Washington DC&#039;deki Kongre Binas\u0131&#039;n\u0131n \u00fczerinde Ulusal Bayrak dalgaland\u0131r\u0131ld\u0131.<\/p>\n\n\n\n<p class=\"has-normal-font-size\">Corvallis&#039;teki Crescent Valley Lisesi&#039;nde d\u00fczenlenen Belediye Binas\u0131 toplant\u0131s\u0131nda Senat\u00f6r Merkley, se\u00e7menlerine Washington DC&#039;deki \u00e7al\u0131\u015fmalar\u0131 hakk\u0131nda bilgi verdi, sorular\u0131 yan\u0131tlad\u0131 ve kat\u0131l\u0131mc\u0131lar\u0131n Oregon ve Amerika&#039;n\u0131n kar\u015f\u0131 kar\u015f\u0131ya oldu\u011fu zorluklarla nas\u0131l ba\u015fa \u00e7\u0131k\u0131laca\u011f\u0131na dair \u00f6nerilerini ald\u0131.<\/p>\n\n\n\n<figure class=\"wp-block-image size-large\"><img data-recalc-dims=\"1\" decoding=\"async\" width=\"750\" height=\"563\" data-attachment-id=\"1627\" data-permalink=\"https:\/\/corvallisddc.org\/tr\/2023\/02\/13\/cddc-honored-at-town-hall\/image0\/\" data-orig-file=\"https:\/\/i0.wp.com\/corvallisddc.org\/wp-content\/uploads\/2023\/02\/image0.jpeg?fit=4032%2C3024&amp;ssl=1\" data-orig-size=\"4032,3024\" data-comments-opened=\"1\" data-image-meta=\"{&quot;aperture&quot;:&quot;0&quot;,&quot;credit&quot;:&quot;&quot;,&quot;camera&quot;:&quot;&quot;,&quot;caption&quot;:&quot;&quot;,&quot;created_timestamp&quot;:&quot;0&quot;,&quot;copyright&quot;:&quot;&quot;,&quot;focal_length&quot;:&quot;0&quot;,&quot;iso&quot;:&quot;0&quot;,&quot;shutter_speed&quot;:&quot;0&quot;,&quot;title&quot;:&quot;&quot;,&quot;orientation&quot;:&quot;1&quot;}\" data-image-title=\"image0\" data-image-description=\"\" data-image-caption=\"\" data-large-file=\"https:\/\/i0.wp.com\/corvallisddc.org\/wp-content\/uploads\/2023\/02\/image0.jpeg?fit=750%2C563&amp;ssl=1\" src=\"https:\/\/i0.wp.com\/corvallisddc.org\/wp-content\/uploads\/2023\/02\/image0.jpeg?resize=750%2C563&#038;ssl=1\" alt=\"\" class=\"wp-image-1627\" srcset=\"https:\/\/i0.wp.com\/corvallisddc.org\/wp-content\/uploads\/2023\/02\/image0.jpeg?resize=1024%2C768&amp;ssl=1 1024w, https:\/\/i0.wp.com\/corvallisddc.org\/wp-content\/uploads\/2023\/02\/image0.jpeg?resize=300%2C225&amp;ssl=1 300w, https:\/\/i0.wp.com\/corvallisddc.org\/wp-content\/uploads\/2023\/02\/image0.jpeg?resize=150%2C113&amp;ssl=1 150w, https:\/\/i0.wp.com\/corvallisddc.org\/wp-content\/uploads\/2023\/02\/image0.jpeg?resize=768%2C576&amp;ssl=1 768w, https:\/\/i0.wp.com\/corvallisddc.org\/wp-content\/uploads\/2023\/02\/image0.jpeg?resize=1536%2C1152&amp;ssl=1 1536w, https:\/\/i0.wp.com\/corvallisddc.org\/wp-content\/uploads\/2023\/02\/image0.jpeg?resize=2048%2C1536&amp;ssl=1 2048w, https:\/\/i0.wp.com\/corvallisddc.org\/wp-content\/uploads\/2023\/02\/image0.jpeg?resize=16%2C12&amp;ssl=1 16w, https:\/\/i0.wp.com\/corvallisddc.org\/wp-content\/uploads\/2023\/02\/image0.jpeg?resize=1200%2C900&amp;ssl=1 1200w, https:\/\/i0.wp.com\/corvallisddc.org\/wp-content\/uploads\/2023\/02\/image0.jpeg?resize=800%2C600&amp;ssl=1 800w, https:\/\/i0.wp.com\/corvallisddc.org\/wp-content\/uploads\/2023\/02\/image0.jpeg?resize=400%2C300&amp;ssl=1 400w, https:\/\/i0.wp.com\/corvallisddc.org\/wp-content\/uploads\/2023\/02\/image0.jpeg?resize=200%2C150&amp;ssl=1 200w, https:\/\/i0.wp.com\/corvallisddc.org\/wp-content\/uploads\/2023\/02\/image0.jpeg?resize=1568%2C1176&amp;ssl=1 1568w, https:\/\/i0.wp.com\/corvallisddc.org\/wp-content\/uploads\/2023\/02\/image0.jpeg?w=2250&amp;ssl=1 2250w\" sizes=\"(max-width: 750px) 100vw, 750px\" \/><figcaption class=\"wp-element-caption\">Resim a\u00e7\u0131klamas\u0131: Senat\u00f6r Jeff Merkley, Aleita Hass-Holcombe, Allison Hobgood ve Temsilci Val Hoyle g\u00fcl\u00fcmseyerek duruyor. Allison Hobgood ellerinde katlanm\u0131\u015f bir Ulusal Bayrak tutuyor. Arkalar\u0131ndaki duvar, k\u0131rm\u0131z\u0131 ve siyah bir duvar resmiyle sar\u0131.<\/figcaption><\/figure>\n\n\n\n<p class=\"has-normal-font-size\">T\u00f6rene CDDC \u0130cra Direkt\u00f6r\u00fc Allison Hobgood, eski \u0130cra Direkt\u00f6r\u00fc ve mevcut Y\u00f6netim Kurulu Ba\u015fkan\u0131 Aleita Hass-Holcombe ve Oregon&#039;un 4. Kongre B\u00f6lge Temsilcisi Val Hoyle kat\u0131ld\u0131.<\/p>\n\n\n\n<p>Not: Bu g\u00f6nderinin \u00f6nceki bir versiyonunda Belediye Binas\u0131&#039;n\u0131n Albany&#039;deki LBCC&#039;de oldu\u011fu belirtiliyordu. Bu bilgi yanl\u0131\u015ft\u0131 ve bu g\u00f6nderide g\u00fcncellendi.<\/p>","protected":false},"excerpt":{"rendered":"<p>Corvallis G\u00fcnd\u00fcz Bak\u0131m Merkezi, 11 \u015eubat&#039;ta Senat\u00f6r Jeff Merkley&#039;in Belediye Binas\u0131&#039;nda onurland\u0131r\u0131lacak. <\/p>","protected":false},"author":210647820,"featured_media":1628,"comment_status":"open","ping_status":"open","sticky":false,"template":"","format":"standard","meta":{"advanced_seo_description":"","jetpack_seo_html_title":"","jetpack_seo_noindex":false,"_jetpack_newsletter_access":"","_jetpack_dont_email_post_to_subs":false,"_jetpack_newsletter_tier_id":0,"_jetpack_memberships_contains_paywalled_content":false,"_jetpack_memberships_contains_paid_content":false,"footnotes":"","jetpack_publicize_message":"","jetpack_publicize_feature_enabled":true,"jetpack_social_post_already_shared":true,"jetpack_social_options":{"image_generator_settings":{"template":"highway","default_image_id":0,"font":"","enabled":false},"version":2},"_wpas_customize_per_network":false,"jetpack_post_was_ever_published":false},"categories":[1466],"tags":[],"class_list":["post-1620","post","type-post","status-publish","format-standard","has-post-thumbnail","hentry","category-news","entry"],"jetpack_publicize_connections":[],"jetpack_featured_media_url":"https:\/\/i0.wp.com\/corvallisddc.org\/wp-content\/uploads\/2023\/02\/image2-1-rotated.jpeg?fit=3024%2C4032&ssl=1","jetpack_likes_enabled":true,"jetpack_sharing_enabled":true,"jetpack_shortlink":"https:\/\/wp.me\/pdkkQs-q8","amp_enabled":true,"_links":{"self":[{"href":"https:\/\/corvallisddc.org\/tr\/wp-json\/wp\/v2\/posts\/1620","targetHints":{"allow":["GET"]}}],"collection":[{"href":"https:\/\/corvallisddc.org\/tr\/wp-json\/wp\/v2\/posts"}],"about":[{"href":"https:\/\/corvallisddc.org\/tr\/wp-json\/wp\/v2\/types\/post"}],"author":[{"embeddable":true,"href":"https:\/\/corvallisddc.org\/tr\/wp-json\/wp\/v2\/users\/210647820"}],"replies":[{"embeddable":true,"href":"https:\/\/corvallisddc.org\/tr\/wp-json\/wp\/v2\/comments?post=1620"}],"version-history":[{"count":9,"href":"https:\/\/corvallisddc.org\/tr\/wp-json\/wp\/v2\/posts\/1620\/revisions"}],"predecessor-version":[{"id":1633,"href":"https:\/\/corvallisddc.org\/tr\/wp-json\/wp\/v2\/posts\/1620\/revisions\/1633"}],"wp:featuredmedia":[{"embeddable":true,"href":"https:\/\/corvallisddc.org\/tr\/wp-json\/wp\/v2\/media\/1628"}],"wp:attachment":[{"href":"https:\/\/corvallisddc.org\/tr\/wp-json\/wp\/v2\/media?parent=1620"}],"wp:term":[{"taxonomy":"category","embeddable":true,"href":"https:\/\/corvallisddc.org\/tr\/wp-json\/wp\/v2\/categories?post=1620"},{"taxonomy":"post_tag","embeddable":true,"href":"https:\/\/corvallisddc.org\/tr\/wp-json\/wp\/v2\/tags?post=1620"}],"curies":[{"name":"wp","href":"https:\/\/api.w.org\/{rel}","templated":true}]}}